{"id":1399,"date":"2021-05-19T10:54:41","date_gmt":"2021-05-19T10:54:41","guid":{"rendered":"http:\/\/ilan.tavsanli.bel.tr\/?p=1399"},"modified":"2021-05-19T10:54:41","modified_gmt":"2021-05-19T10:54:41","slug":"1399","status":"publish","type":"post","link":"http:\/\/ilan.tavsanli.bel.tr\/index.php\/2021\/05\/19\/1399\/","title":{"rendered":""},"content":{"rendered":"\n<p>Harmanc\u0131k G\u00fcl\u00f6z\u00fc K\u00f6y\u00fcnden, Emine \u00d6zdemir&#8217;in e\u015fi, Ay\u015feg\u00fcl ve Tav\u015fanl\u0131 Ticaret Meslek Lisesi \u00d6\u011fretmeni Ahmet \u00d6zdemir&#8217;in babalar\u0131, \u00d6\u011fretmen Arif Emre Y\u0131ld\u0131r\u0131m&#8217;\u0131n kay\u0131npederi, G.L.\u0130 emekli i\u015f\u00e7isi RAMAZAN \u00d6ZDEM\u0130R vefat etmi\u015ftir. Cenazesi ikindi namaz\u0131n\u0131 m\u00fcteakip Harmanc\u0131k G\u00fcl\u00f6z\u00fc k\u00f6y\u00fc mezarl\u0131\u011f\u0131na defnedilecektir. Merhuma Allah&#8217;tan rahmet ailesi ve yak\u0131nlar\u0131na ba\u015f sa\u011fl\u0131\u011f\u0131 dileriz.<\/p>\n","protected":false},"excerpt":{"rendered":"<p>Harmanc\u0131k G\u00fcl\u00f6z\u00fc K\u00f6y\u00fcnden, Emine \u00d6zdemir&#8217;in e\u015fi, Ay\u015feg\u00fcl ve Tav\u015fanl\u0131 Ticaret Meslek Lisesi \u00d6\u011fretmeni Ahmet \u00d6zdemir&#8217;in babalar\u0131, \u00d6\u011fretmen Arif Emre Y\u0131ld\u0131r\u0131m&#8217;\u0131n kay\u0131npederi, G.L.\u0130 emekli i\u015f\u00e7isi RAMAZAN \u00d6ZDEM\u0130R vefat etmi\u015ftir. Cenazesi ikindi namaz\u0131n\u0131 m\u00fcteakip Harmanc\u0131k G\u00fcl\u00f6z\u00fc k\u00f6y\u00fc mezarl\u0131\u011f\u0131na defnedilecektir. Merhuma Allah&#8217;tan rahmet ailesi ve yak\u0131nlar\u0131na ba\u015f sa\u011fl\u0131\u011f\u0131 dileriz.<\/p>\n","protected":false},"author":5,"featured_media":0,"comment_status":"closed","ping_status":"","sticky":false,"template":"","format":"standard","meta":[],"categories":[2],"tags":[],"_links":{"self":[{"href":"http:\/\/ilan.tavsanli.bel.tr\/index.php\/wp-json\/wp\/v2\/posts\/1399"}],"collection":[{"href":"http:\/\/ilan.tavsanli.bel.tr\/index.php\/wp-json\/wp\/v2\/posts"}],"about":[{"href":"http:\/\/ilan.tavsanli.bel.tr\/index.php\/wp-json\/wp\/v2\/types\/post"}],"author":[{"embeddable":true,"href":"http:\/\/ilan.tavsanli.bel.tr\/index.php\/wp-json\/wp\/v2\/users\/5"}],"replies":[{"embeddable":true,"href":"http:\/\/ilan.tavsanli.bel.tr\/index.php\/wp-json\/wp\/v2\/comments?post=1399"}],"version-history":[{"count":1,"href":"http:\/\/ilan.tavsanli.bel.tr\/index.php\/wp-json\/wp\/v2\/posts\/1399\/revisions"}],"predecessor-version":[{"id":1400,"href":"http:\/\/ilan.tavsanli.bel.tr\/index.php\/wp-json\/wp\/v2\/posts\/1399\/revisions\/1400"}],"wp:attachment":[{"href":"http:\/\/ilan.tavsanli.bel.tr\/index.php\/wp-json\/wp\/v2\/media?parent=1399"}],"wp:term":[{"taxonomy":"category","embeddable":true,"href":"http:\/\/ilan.tavsanli.bel.tr\/index.php\/wp-json\/wp\/v2\/categories?post=1399"},{"taxonomy":"post_tag","embeddable":true,"href":"http:\/\/ilan.tavsanli.bel.tr\/index.php\/wp-json\/wp\/v2\/tags?post=1399"}],"curies":[{"name":"wp","href":"https:\/\/api.w.org\/{rel}","templated":true}]}}