{"id":1327,"date":"2021-05-04T11:08:53","date_gmt":"2021-05-04T11:08:53","guid":{"rendered":"http:\/\/ilan.tavsanli.bel.tr\/?p=1327"},"modified":"2021-05-04T11:08:53","modified_gmt":"2021-05-04T11:08:53","slug":"1327","status":"publish","type":"post","link":"http:\/\/ilan.tavsanli.bel.tr\/index.php\/2021\/05\/04\/1327\/","title":{"rendered":""},"content":{"rendered":"\n<p>Merhum L\u00fctf\u00fc Alt\u0131nbek\u2019in o\u011flu, merhum Leyla, \u015eehit \u015eemsettin ve Seniye Alt\u0131nbek\u2019in a\u011fabeyi AHMET ALTINBEK veffat etmi\u015ftir. Cenazesi ikindi namaz\u0131n\u0131 m\u00fcteakip Moymul Mahallesi mezarl\u0131\u011f\u0131na defnedilecektir. \u00a0Merhuma Allah\u2019tan rahmet, ailesi ve yak\u0131nlar\u0131na ba\u015fsa\u011fl\u0131\u011f\u0131 dileriz.<\/p>\n","protected":false},"excerpt":{"rendered":"<p>Merhum L\u00fctf\u00fc Alt\u0131nbek\u2019in o\u011flu, merhum Leyla, \u015eehit \u015eemsettin ve Seniye Alt\u0131nbek\u2019in a\u011fabeyi AHMET ALTINBEK veffat etmi\u015ftir. Cenazesi ikindi namaz\u0131n\u0131 m\u00fcteakip Moymul Mahallesi mezarl\u0131\u011f\u0131na defnedilecektir. \u00a0Merhuma Allah\u2019tan rahmet, ailesi ve yak\u0131nlar\u0131na ba\u015fsa\u011fl\u0131\u011f\u0131 dileriz.<\/p>\n","protected":false},"author":4,"featured_media":0,"comment_status":"closed","ping_status":"","sticky":false,"template":"","format":"standard","meta":[],"categories":[2],"tags":[],"_links":{"self":[{"href":"http:\/\/ilan.tavsanli.bel.tr\/index.php\/wp-json\/wp\/v2\/posts\/1327"}],"collection":[{"href":"http:\/\/ilan.tavsanli.bel.tr\/index.php\/wp-json\/wp\/v2\/posts"}],"about":[{"href":"http:\/\/ilan.tavsanli.bel.tr\/index.php\/wp-json\/wp\/v2\/types\/post"}],"author":[{"embeddable":true,"href":"http:\/\/ilan.tavsanli.bel.tr\/index.php\/wp-json\/wp\/v2\/users\/4"}],"replies":[{"embeddable":true,"href":"http:\/\/ilan.tavsanli.bel.tr\/index.php\/wp-json\/wp\/v2\/comments?post=1327"}],"version-history":[{"count":1,"href":"http:\/\/ilan.tavsanli.bel.tr\/index.php\/wp-json\/wp\/v2\/posts\/1327\/revisions"}],"predecessor-version":[{"id":1328,"href":"http:\/\/ilan.tavsanli.bel.tr\/index.php\/wp-json\/wp\/v2\/posts\/1327\/revisions\/1328"}],"wp:attachment":[{"href":"http:\/\/ilan.tavsanli.bel.tr\/index.php\/wp-json\/wp\/v2\/media?parent=1327"}],"wp:term":[{"taxonomy":"category","embeddable":true,"href":"http:\/\/ilan.tavsanli.bel.tr\/index.php\/wp-json\/wp\/v2\/categories?post=1327"},{"taxonomy":"post_tag","embeddable":true,"href":"http:\/\/ilan.tavsanli.bel.tr\/index.php\/wp-json\/wp\/v2\/tags?post=1327"}],"curies":[{"name":"wp","href":"https:\/\/api.w.org\/{rel}","templated":true}]}}