{"id":1195,"date":"2021-04-16T09:26:07","date_gmt":"2021-04-16T09:26:07","guid":{"rendered":"http:\/\/ilan.tavsanli.bel.tr\/?p=1195"},"modified":"2021-04-16T10:35:58","modified_gmt":"2021-04-16T10:35:58","slug":"1195","status":"publish","type":"post","link":"http:\/\/ilan.tavsanli.bel.tr\/index.php\/2021\/04\/16\/1195\/","title":{"rendered":""},"content":{"rendered":"\n<p>G\u00fcm\u00fc\u015f G\u00f6lc\u00fck k\u00f6y\u00fcnden \u00a0Ay\u015fe Ceylan\u2019\u0131n e\u015fi. Ahmet \u00a0Ceylan\u2019\u0131n abisi. \u00a0Feride ve Bahriye \u015eener\u2019in karde\u015fi. \u00a0Nacati Ceylan , Mehmet Yavuz ve Mustafa \u00dcnl\u00fc\u2019n\u00fcn kay\u0131npederi ABDULLAH CEYLAN vefat etmi\u015ftir. Cenazesi Cuma namaz\u0131n\u0131 m\u00fcteakip G\u00fcm\u00fc\u015f G\u00f6lc\u00fck k\u00f6y\u00fc mezarl\u0131\u011f\u0131na defnedilecektir. Merhuma Allah\u2019tan rahmet, ailesi ve yak\u0131nlar\u0131na ba\u015fsa\u011fl\u0131\u011f\u0131 dileriz.<\/p>\n","protected":false},"excerpt":{"rendered":"<p>G\u00fcm\u00fc\u015f G\u00f6lc\u00fck k\u00f6y\u00fcnden \u00a0Ay\u015fe Ceylan\u2019\u0131n e\u015fi. Ahmet \u00a0Ceylan\u2019\u0131n abisi. \u00a0Feride ve Bahriye \u015eener\u2019in karde\u015fi. \u00a0Nacati Ceylan , Mehmet Yavuz ve Mustafa \u00dcnl\u00fc\u2019n\u00fcn kay\u0131npederi ABDULLAH CEYLAN vefat etmi\u015ftir. Cenazesi Cuma namaz\u0131n\u0131 m\u00fcteakip G\u00fcm\u00fc\u015f G\u00f6lc\u00fck k\u00f6y\u00fc mezarl\u0131\u011f\u0131na defnedilecektir. Merhuma Allah\u2019tan rahmet, ailesi ve yak\u0131nlar\u0131na ba\u015fsa\u011fl\u0131\u011f\u0131 dileriz.<\/p>\n","protected":false},"author":5,"featured_media":0,"comment_status":"closed","ping_status":"","sticky":false,"template":"","format":"standard","meta":[],"categories":[2],"tags":[],"_links":{"self":[{"href":"http:\/\/ilan.tavsanli.bel.tr\/index.php\/wp-json\/wp\/v2\/posts\/1195"}],"collection":[{"href":"http:\/\/ilan.tavsanli.bel.tr\/index.php\/wp-json\/wp\/v2\/posts"}],"about":[{"href":"http:\/\/ilan.tavsanli.bel.tr\/index.php\/wp-json\/wp\/v2\/types\/post"}],"author":[{"embeddable":true,"href":"http:\/\/ilan.tavsanli.bel.tr\/index.php\/wp-json\/wp\/v2\/users\/5"}],"replies":[{"embeddable":true,"href":"http:\/\/ilan.tavsanli.bel.tr\/index.php\/wp-json\/wp\/v2\/comments?post=1195"}],"version-history":[{"count":2,"href":"http:\/\/ilan.tavsanli.bel.tr\/index.php\/wp-json\/wp\/v2\/posts\/1195\/revisions"}],"predecessor-version":[{"id":1197,"href":"http:\/\/ilan.tavsanli.bel.tr\/index.php\/wp-json\/wp\/v2\/posts\/1195\/revisions\/1197"}],"wp:attachment":[{"href":"http:\/\/ilan.tavsanli.bel.tr\/index.php\/wp-json\/wp\/v2\/media?parent=1195"}],"wp:term":[{"taxonomy":"category","embeddable":true,"href":"http:\/\/ilan.tavsanli.bel.tr\/index.php\/wp-json\/wp\/v2\/categories?post=1195"},{"taxonomy":"post_tag","embeddable":true,"href":"http:\/\/ilan.tavsanli.bel.tr\/index.php\/wp-json\/wp\/v2\/tags?post=1195"}],"curies":[{"name":"wp","href":"https:\/\/api.w.org\/{rel}","templated":true}]}}