{"id":1165,"date":"2021-04-14T12:41:29","date_gmt":"2021-04-14T12:41:29","guid":{"rendered":"http:\/\/ilan.tavsanli.bel.tr\/?p=1165"},"modified":"2021-04-14T12:41:29","modified_gmt":"2021-04-14T12:41:29","slug":"1165","status":"publish","type":"post","link":"http:\/\/ilan.tavsanli.bel.tr\/index.php\/2021\/04\/14\/1165\/","title":{"rendered":""},"content":{"rendered":"\n<p>Tav\u015fanl\u0131 e\u015fraf\u0131ndan merhum Mustafa Babacan\u2019\u0131n o\u011flu. merhum Ali Osman Babacan ve Ay\u015fe Doru\u00f6z\u2019\u00fcn abisi. Mustafa ve handan Babacan\u2019\u0131n babalar\u0131 G.L.\u0130 den emekli AHMET BABACAN vefat etmi\u015ftir cenazesi saat 18:00 da tav\u015fanl\u0131 mezarl\u0131\u011f\u0131na defnedilecektir. . Merhuma Allah\u2019tan rahmet, ailesi ve yak\u0131nlar\u0131na ba\u015fsa\u011fl\u0131\u011f\u0131 dileriz.<\/p>\n","protected":false},"excerpt":{"rendered":"<p>Tav\u015fanl\u0131 e\u015fraf\u0131ndan merhum Mustafa Babacan\u2019\u0131n o\u011flu. merhum Ali Osman Babacan ve Ay\u015fe Doru\u00f6z\u2019\u00fcn abisi. Mustafa ve handan Babacan\u2019\u0131n babalar\u0131 G.L.\u0130 den emekli AHMET BABACAN vefat etmi\u015ftir cenazesi saat 18:00 da tav\u015fanl\u0131 mezarl\u0131\u011f\u0131na defnedilecektir. . Merhuma Allah\u2019tan rahmet, ailesi ve yak\u0131nlar\u0131na ba\u015fsa\u011fl\u0131\u011f\u0131 dileriz.<\/p>\n","protected":false},"author":5,"featured_media":0,"comment_status":"closed","ping_status":"","sticky":false,"template":"","format":"standard","meta":[],"categories":[2],"tags":[],"_links":{"self":[{"href":"http:\/\/ilan.tavsanli.bel.tr\/index.php\/wp-json\/wp\/v2\/posts\/1165"}],"collection":[{"href":"http:\/\/ilan.tavsanli.bel.tr\/index.php\/wp-json\/wp\/v2\/posts"}],"about":[{"href":"http:\/\/ilan.tavsanli.bel.tr\/index.php\/wp-json\/wp\/v2\/types\/post"}],"author":[{"embeddable":true,"href":"http:\/\/ilan.tavsanli.bel.tr\/index.php\/wp-json\/wp\/v2\/users\/5"}],"replies":[{"embeddable":true,"href":"http:\/\/ilan.tavsanli.bel.tr\/index.php\/wp-json\/wp\/v2\/comments?post=1165"}],"version-history":[{"count":1,"href":"http:\/\/ilan.tavsanli.bel.tr\/index.php\/wp-json\/wp\/v2\/posts\/1165\/revisions"}],"predecessor-version":[{"id":1166,"href":"http:\/\/ilan.tavsanli.bel.tr\/index.php\/wp-json\/wp\/v2\/posts\/1165\/revisions\/1166"}],"wp:attachment":[{"href":"http:\/\/ilan.tavsanli.bel.tr\/index.php\/wp-json\/wp\/v2\/media?parent=1165"}],"wp:term":[{"taxonomy":"category","embeddable":true,"href":"http:\/\/ilan.tavsanli.bel.tr\/index.php\/wp-json\/wp\/v2\/categories?post=1165"},{"taxonomy":"post_tag","embeddable":true,"href":"http:\/\/ilan.tavsanli.bel.tr\/index.php\/wp-json\/wp\/v2\/tags?post=1165"}],"curies":[{"name":"wp","href":"https:\/\/api.w.org\/{rel}","templated":true}]}}