{"id":10311,"date":"2026-05-01T08:12:02","date_gmt":"2026-05-01T08:12:02","guid":{"rendered":"http:\/\/ilan.tavsanli.bel.tr\/?p=10311"},"modified":"2026-05-01T08:12:02","modified_gmt":"2026-05-01T08:12:02","slug":"10311","status":"publish","type":"post","link":"http:\/\/ilan.tavsanli.bel.tr\/index.php\/2026\/05\/01\/10311\/","title":{"rendered":""},"content":{"rendered":"<p>Merkez yenik\u00f6yden Mustafa Karag\u00f6z&#8217;\u00fcn babas\u0131, G.L.\u0130 emekli i\u015f\u00e7isi Z\u0130YA KARAG\u00d6Z vefat etmi\u015ftir. Cenazesi cuma namaz\u0131n\u0131 m\u00fcteakip merkez yenik\u00f6y mezarl\u0131\u011f\u0131na defnedilecektir. Merhuma Allah&#8217;tan rahmet ailesine ve yak\u0131nlar\u0131na ba\u015fsa\u011fl\u0131\u011f\u0131 dileriz.<\/p>\n","protected":false},"excerpt":{"rendered":"<p>Merkez yenik\u00f6yden Mustafa Karag\u00f6z&#8217;\u00fcn babas\u0131, G.L.\u0130 emekli i\u015f\u00e7isi Z\u0130YA KARAG\u00d6Z vefat etmi\u015ftir. Cenazesi cuma namaz\u0131n\u0131 m\u00fcteakip merkez yenik\u00f6y mezarl\u0131\u011f\u0131na defnedilecektir. Merhuma Allah&#8217;tan rahmet ailesine ve yak\u0131nlar\u0131na ba\u015fsa\u011fl\u0131\u011f\u0131 dileriz.<\/p>\n","protected":false},"author":7,"featured_media":0,"comment_status":"closed","ping_status":"closed","sticky":false,"template":"","format":"standard","meta":[],"categories":[2],"tags":[],"_links":{"self":[{"href":"http:\/\/ilan.tavsanli.bel.tr\/index.php\/wp-json\/wp\/v2\/posts\/10311"}],"collection":[{"href":"http:\/\/ilan.tavsanli.bel.tr\/index.php\/wp-json\/wp\/v2\/posts"}],"about":[{"href":"http:\/\/ilan.tavsanli.bel.tr\/index.php\/wp-json\/wp\/v2\/types\/post"}],"author":[{"embeddable":true,"href":"http:\/\/ilan.tavsanli.bel.tr\/index.php\/wp-json\/wp\/v2\/users\/7"}],"replies":[{"embeddable":true,"href":"http:\/\/ilan.tavsanli.bel.tr\/index.php\/wp-json\/wp\/v2\/comments?post=10311"}],"version-history":[{"count":1,"href":"http:\/\/ilan.tavsanli.bel.tr\/index.php\/wp-json\/wp\/v2\/posts\/10311\/revisions"}],"predecessor-version":[{"id":10312,"href":"http:\/\/ilan.tavsanli.bel.tr\/index.php\/wp-json\/wp\/v2\/posts\/10311\/revisions\/10312"}],"wp:attachment":[{"href":"http:\/\/ilan.tavsanli.bel.tr\/index.php\/wp-json\/wp\/v2\/media?parent=10311"}],"wp:term":[{"taxonomy":"category","embeddable":true,"href":"http:\/\/ilan.tavsanli.bel.tr\/index.php\/wp-json\/wp\/v2\/categories?post=10311"},{"taxonomy":"post_tag","embeddable":true,"href":"http:\/\/ilan.tavsanli.bel.tr\/index.php\/wp-json\/wp\/v2\/tags?post=10311"}],"curies":[{"name":"wp","href":"https:\/\/api.w.org\/{rel}","templated":true}]}}