{"id":10300,"date":"2026-04-28T13:53:29","date_gmt":"2026-04-28T13:53:29","guid":{"rendered":"http:\/\/ilan.tavsanli.bel.tr\/?p=10300"},"modified":"2026-04-28T13:53:29","modified_gmt":"2026-04-28T13:53:29","slug":"10300","status":"publish","type":"post","link":"http:\/\/ilan.tavsanli.bel.tr\/index.php\/2026\/04\/28\/10300\/","title":{"rendered":""},"content":{"rendered":"<p>Tepecik beldesinden Ahmet Sinan Seven&#8217;in babas\u0131, Mustafa Ak\u00e7a ve \u00d6mer L\u00fctf\u00fc Belli&#8217;nin kay\u0131npederi, Mehmet Emin Ak\u00e7a&#8217;n\u0131n b\u00fcy\u00fckbabas\u0131, kaptan lakapl\u0131 HAL\u0130L SEVEN vefat etmi\u015ftir. Cenazesi ikindi namaz\u0131n\u0131 m\u00fcteakip tepecik belde mezarl\u0131\u011f\u0131na defnedilecektir. Merhuma Allah&#8217;tan rahmet ailesine ve yak\u0131nlar\u0131na ba\u015fsa\u011fl\u0131\u011f\u0131 dileriz.<\/p>\n","protected":false},"excerpt":{"rendered":"<p>Tepecik beldesinden Ahmet Sinan Seven&#8217;in babas\u0131, Mustafa Ak\u00e7a ve \u00d6mer L\u00fctf\u00fc Belli&#8217;nin kay\u0131npederi, Mehmet Emin Ak\u00e7a&#8217;n\u0131n b\u00fcy\u00fckbabas\u0131, kaptan lakapl\u0131 HAL\u0130L SEVEN vefat etmi\u015ftir. Cenazesi ikindi namaz\u0131n\u0131 m\u00fcteakip tepecik belde mezarl\u0131\u011f\u0131na defnedilecektir. Merhuma Allah&#8217;tan rahmet ailesine ve yak\u0131nlar\u0131na ba\u015fsa\u011fl\u0131\u011f\u0131 dileriz.<\/p>\n","protected":false},"author":7,"featured_media":0,"comment_status":"closed","ping_status":"closed","sticky":false,"template":"","format":"standard","meta":[],"categories":[2],"tags":[],"_links":{"self":[{"href":"http:\/\/ilan.tavsanli.bel.tr\/index.php\/wp-json\/wp\/v2\/posts\/10300"}],"collection":[{"href":"http:\/\/ilan.tavsanli.bel.tr\/index.php\/wp-json\/wp\/v2\/posts"}],"about":[{"href":"http:\/\/ilan.tavsanli.bel.tr\/index.php\/wp-json\/wp\/v2\/types\/post"}],"author":[{"embeddable":true,"href":"http:\/\/ilan.tavsanli.bel.tr\/index.php\/wp-json\/wp\/v2\/users\/7"}],"replies":[{"embeddable":true,"href":"http:\/\/ilan.tavsanli.bel.tr\/index.php\/wp-json\/wp\/v2\/comments?post=10300"}],"version-history":[{"count":1,"href":"http:\/\/ilan.tavsanli.bel.tr\/index.php\/wp-json\/wp\/v2\/posts\/10300\/revisions"}],"predecessor-version":[{"id":10301,"href":"http:\/\/ilan.tavsanli.bel.tr\/index.php\/wp-json\/wp\/v2\/posts\/10300\/revisions\/10301"}],"wp:attachment":[{"href":"http:\/\/ilan.tavsanli.bel.tr\/index.php\/wp-json\/wp\/v2\/media?parent=10300"}],"wp:term":[{"taxonomy":"category","embeddable":true,"href":"http:\/\/ilan.tavsanli.bel.tr\/index.php\/wp-json\/wp\/v2\/categories?post=10300"},{"taxonomy":"post_tag","embeddable":true,"href":"http:\/\/ilan.tavsanli.bel.tr\/index.php\/wp-json\/wp\/v2\/tags?post=10300"}],"curies":[{"name":"wp","href":"https:\/\/api.w.org\/{rel}","templated":true}]}}