{"id":10295,"date":"2026-04-28T08:27:27","date_gmt":"2026-04-28T08:27:27","guid":{"rendered":"http:\/\/ilan.tavsanli.bel.tr\/?p=10295"},"modified":"2026-04-28T08:29:26","modified_gmt":"2026-04-28T08:29:26","slug":"10295","status":"publish","type":"post","link":"http:\/\/ilan.tavsanli.bel.tr\/index.php\/2026\/04\/28\/10295\/","title":{"rendered":""},"content":{"rendered":"<p><strong>Kayaaras\u0131 k\u00f6y\u00fcnden Erol D\u00f6nmez\u2019in o\u011flu, Birg\u00fcl ve Hafize D\u00f6nmez\u2019in abisi, Ceyhan D\u00f6nmez\u2019in e\u015fi, nursan \u00e7al\u0131\u015fanlar\u0131ndan KAD\u0130R D\u00d6NMEZ vefat etmi\u015ftir. Cenazesi \u00f6\u011fle namaz\u0131n\u0131 m\u00fcteakip kayaaras\u0131 k\u00f6y\u00fc mezarl\u0131\u011f\u0131na defnedilecektir. Merhuma Allah\u2019tan rahmet ailesine ve yak\u0131nlar\u0131na ba\u015fsa\u011fl\u0131\u011f\u0131 dileriz.<\/strong><\/p>\n","protected":false},"excerpt":{"rendered":"<p>Kayaaras\u0131 k\u00f6y\u00fcnden Erol D\u00f6nmez\u2019in o\u011flu, Birg\u00fcl ve Hafize D\u00f6nmez\u2019in abisi, Ceyhan D\u00f6nmez\u2019in e\u015fi, nursan \u00e7al\u0131\u015fanlar\u0131ndan KAD\u0130R D\u00d6NMEZ vefat etmi\u015ftir. Cenazesi \u00f6\u011fle namaz\u0131n\u0131 m\u00fcteakip kayaaras\u0131 k\u00f6y\u00fc mezarl\u0131\u011f\u0131na defnedilecektir. Merhuma Allah\u2019tan rahmet ailesine ve yak\u0131nlar\u0131na ba\u015fsa\u011fl\u0131\u011f\u0131 dileriz.<\/p>\n","protected":false},"author":7,"featured_media":0,"comment_status":"closed","ping_status":"closed","sticky":false,"template":"","format":"standard","meta":[],"categories":[2],"tags":[],"_links":{"self":[{"href":"http:\/\/ilan.tavsanli.bel.tr\/index.php\/wp-json\/wp\/v2\/posts\/10295"}],"collection":[{"href":"http:\/\/ilan.tavsanli.bel.tr\/index.php\/wp-json\/wp\/v2\/posts"}],"about":[{"href":"http:\/\/ilan.tavsanli.bel.tr\/index.php\/wp-json\/wp\/v2\/types\/post"}],"author":[{"embeddable":true,"href":"http:\/\/ilan.tavsanli.bel.tr\/index.php\/wp-json\/wp\/v2\/users\/7"}],"replies":[{"embeddable":true,"href":"http:\/\/ilan.tavsanli.bel.tr\/index.php\/wp-json\/wp\/v2\/comments?post=10295"}],"version-history":[{"count":2,"href":"http:\/\/ilan.tavsanli.bel.tr\/index.php\/wp-json\/wp\/v2\/posts\/10295\/revisions"}],"predecessor-version":[{"id":10297,"href":"http:\/\/ilan.tavsanli.bel.tr\/index.php\/wp-json\/wp\/v2\/posts\/10295\/revisions\/10297"}],"wp:attachment":[{"href":"http:\/\/ilan.tavsanli.bel.tr\/index.php\/wp-json\/wp\/v2\/media?parent=10295"}],"wp:term":[{"taxonomy":"category","embeddable":true,"href":"http:\/\/ilan.tavsanli.bel.tr\/index.php\/wp-json\/wp\/v2\/categories?post=10295"},{"taxonomy":"post_tag","embeddable":true,"href":"http:\/\/ilan.tavsanli.bel.tr\/index.php\/wp-json\/wp\/v2\/tags?post=10295"}],"curies":[{"name":"wp","href":"https:\/\/api.w.org\/{rel}","templated":true}]}}