{"id":10288,"date":"2026-04-27T11:12:29","date_gmt":"2026-04-27T11:12:29","guid":{"rendered":"http:\/\/ilan.tavsanli.bel.tr\/?p=10288"},"modified":"2026-04-27T11:12:29","modified_gmt":"2026-04-27T11:12:29","slug":"10288","status":"publish","type":"post","link":"http:\/\/ilan.tavsanli.bel.tr\/index.php\/2026\/04\/27\/10288\/","title":{"rendered":""},"content":{"rendered":"<p>Bar\u0131\u015f Zengin&#8217;in ailesi, Koray Zengin&#8217;in annesi, Muammer G\u00fcder ve Mustafa Maz\u0131&#8217;n\u0131n kay\u0131nvalidesi, Mustafa G\u00fcder ve O\u011fuzhan Maz\u0131&#8217;n\u0131n b\u00fcy\u00fckannesi, vefat etmi\u015ftir. Cenazesi ulucamide k\u0131l\u0131nacak ikindi namaz\u0131n\u0131 m\u00fcteakip tav\u015fanl\u0131 mezarl\u0131\u011f\u0131na defnedilecektir. Merhumeye Allah&#8217;tan rahmet ailesine ve yak\u0131nlar\u0131na ba\u015fsa\u011fl\u0131\u011f\u0131 dileriz.<\/p>\n","protected":false},"excerpt":{"rendered":"<p>Bar\u0131\u015f Zengin&#8217;in ailesi, Koray Zengin&#8217;in annesi, Muammer G\u00fcder ve Mustafa Maz\u0131&#8217;n\u0131n kay\u0131nvalidesi, Mustafa G\u00fcder ve O\u011fuzhan Maz\u0131&#8217;n\u0131n b\u00fcy\u00fckannesi, vefat etmi\u015ftir. Cenazesi ulucamide k\u0131l\u0131nacak ikindi namaz\u0131n\u0131 m\u00fcteakip tav\u015fanl\u0131 mezarl\u0131\u011f\u0131na defnedilecektir. Merhumeye Allah&#8217;tan rahmet ailesine ve yak\u0131nlar\u0131na ba\u015fsa\u011fl\u0131\u011f\u0131 dileriz.<\/p>\n","protected":false},"author":7,"featured_media":0,"comment_status":"closed","ping_status":"closed","sticky":false,"template":"","format":"standard","meta":[],"categories":[2],"tags":[],"_links":{"self":[{"href":"http:\/\/ilan.tavsanli.bel.tr\/index.php\/wp-json\/wp\/v2\/posts\/10288"}],"collection":[{"href":"http:\/\/ilan.tavsanli.bel.tr\/index.php\/wp-json\/wp\/v2\/posts"}],"about":[{"href":"http:\/\/ilan.tavsanli.bel.tr\/index.php\/wp-json\/wp\/v2\/types\/post"}],"author":[{"embeddable":true,"href":"http:\/\/ilan.tavsanli.bel.tr\/index.php\/wp-json\/wp\/v2\/users\/7"}],"replies":[{"embeddable":true,"href":"http:\/\/ilan.tavsanli.bel.tr\/index.php\/wp-json\/wp\/v2\/comments?post=10288"}],"version-history":[{"count":1,"href":"http:\/\/ilan.tavsanli.bel.tr\/index.php\/wp-json\/wp\/v2\/posts\/10288\/revisions"}],"predecessor-version":[{"id":10289,"href":"http:\/\/ilan.tavsanli.bel.tr\/index.php\/wp-json\/wp\/v2\/posts\/10288\/revisions\/10289"}],"wp:attachment":[{"href":"http:\/\/ilan.tavsanli.bel.tr\/index.php\/wp-json\/wp\/v2\/media?parent=10288"}],"wp:term":[{"taxonomy":"category","embeddable":true,"href":"http:\/\/ilan.tavsanli.bel.tr\/index.php\/wp-json\/wp\/v2\/categories?post=10288"},{"taxonomy":"post_tag","embeddable":true,"href":"http:\/\/ilan.tavsanli.bel.tr\/index.php\/wp-json\/wp\/v2\/tags?post=10288"}],"curies":[{"name":"wp","href":"https:\/\/api.w.org\/{rel}","templated":true}]}}