{"id":10213,"date":"2026-04-08T08:09:23","date_gmt":"2026-04-08T08:09:23","guid":{"rendered":"http:\/\/ilan.tavsanli.bel.tr\/?p=10213"},"modified":"2026-04-08T08:09:23","modified_gmt":"2026-04-08T08:09:23","slug":"10213","status":"publish","type":"post","link":"http:\/\/ilan.tavsanli.bel.tr\/index.php\/2026\/04\/08\/10213\/","title":{"rendered":""},"content":{"rendered":"<p><b><strong class=\"x1s688f\">Nurettin Peksak\u2019\u0131n e\u015fi, Aysun, H\u00fcseyin ve nursan \u00e7al\u0131\u015fanlar\u0131ndan Metin Peksak\u2019\u0131n anneleri, \u0130brahim Erol\u2019un kay\u0131nvalidesi, AY\u015eE PEKSAK vefat etmi\u015ftir. Cenazesi \u00f6\u011fle namaz\u0131n\u0131 m\u00fcteakip g\u00fcnl\u00fcce k\u00f6y\u00fc \u00e7aml\u0131ca mahallesi mezarl\u0131\u011f\u0131na defnedilecektir. Merhumeye Allah&#8217;tan rahmet ailesine ve yak\u0131nlar\u0131na ba\u015fsa\u011fl\u0131\u011f\u0131 dileriz.<\/strong><\/b><\/p>\n","protected":false},"excerpt":{"rendered":"<p>Nurettin Peksak\u2019\u0131n e\u015fi, Aysun, H\u00fcseyin ve nursan \u00e7al\u0131\u015fanlar\u0131ndan Metin Peksak\u2019\u0131n anneleri, \u0130brahim Erol\u2019un kay\u0131nvalidesi, AY\u015eE PEKSAK vefat etmi\u015ftir. Cenazesi \u00f6\u011fle namaz\u0131n\u0131 m\u00fcteakip g\u00fcnl\u00fcce k\u00f6y\u00fc \u00e7aml\u0131ca mahallesi mezarl\u0131\u011f\u0131na defnedilecektir. Merhumeye Allah&#8217;tan rahmet ailesine ve yak\u0131nlar\u0131na ba\u015fsa\u011fl\u0131\u011f\u0131 dileriz.<\/p>\n","protected":false},"author":7,"featured_media":0,"comment_status":"closed","ping_status":"closed","sticky":false,"template":"","format":"standard","meta":[],"categories":[2],"tags":[],"_links":{"self":[{"href":"http:\/\/ilan.tavsanli.bel.tr\/index.php\/wp-json\/wp\/v2\/posts\/10213"}],"collection":[{"href":"http:\/\/ilan.tavsanli.bel.tr\/index.php\/wp-json\/wp\/v2\/posts"}],"about":[{"href":"http:\/\/ilan.tavsanli.bel.tr\/index.php\/wp-json\/wp\/v2\/types\/post"}],"author":[{"embeddable":true,"href":"http:\/\/ilan.tavsanli.bel.tr\/index.php\/wp-json\/wp\/v2\/users\/7"}],"replies":[{"embeddable":true,"href":"http:\/\/ilan.tavsanli.bel.tr\/index.php\/wp-json\/wp\/v2\/comments?post=10213"}],"version-history":[{"count":1,"href":"http:\/\/ilan.tavsanli.bel.tr\/index.php\/wp-json\/wp\/v2\/posts\/10213\/revisions"}],"predecessor-version":[{"id":10214,"href":"http:\/\/ilan.tavsanli.bel.tr\/index.php\/wp-json\/wp\/v2\/posts\/10213\/revisions\/10214"}],"wp:attachment":[{"href":"http:\/\/ilan.tavsanli.bel.tr\/index.php\/wp-json\/wp\/v2\/media?parent=10213"}],"wp:term":[{"taxonomy":"category","embeddable":true,"href":"http:\/\/ilan.tavsanli.bel.tr\/index.php\/wp-json\/wp\/v2\/categories?post=10213"},{"taxonomy":"post_tag","embeddable":true,"href":"http:\/\/ilan.tavsanli.bel.tr\/index.php\/wp-json\/wp\/v2\/tags?post=10213"}],"curies":[{"name":"wp","href":"https:\/\/api.w.org\/{rel}","templated":true}]}}